{"id":933,"__str__":"Convoca\u00e7\u00e3o Sess\u00e3o Julgamento","link_detail_backend":"/docadm/documentoacessorioadministrativo/933","metadata":{},"nome":"Convoca\u00e7\u00e3o Sess\u00e3o Julgamento","arquivo":"http://sapl.ilhacomprida.sp.leg.br/media/sapl/public/documentoacessorioadministrativo/933/475_-_475_-_convocacao_para_sessao_julgamento_gryllo.pdf","data":"2024-07-01","autor":"Presidente da C\u00e2mara","assunto":"Convoca\u00e7\u00e3o para Sess\u00e3o de Julgamento - Vereador Emerson Gryllo Rodrigues.","indexacao":"","documento":6639,"tipo":17}