{"id":8939,"__str__":"Indica\u00e7\u00e3o n\u00ba 17 de 2026","link_detail_backend":"/materia/8939","metadata":{},"numero":17,"ano":2026,"numero_protocolo":363,"data_apresentacao":"2026-04-13","tipo_apresentacao":"E","data_publicacao":null,"numero_origem_externa":"","ano_origem_externa":null,"data_origem_externa":null,"apelido":"","dias_prazo":null,"data_fim_prazo":"2026-12-31","em_tramitacao":true,"polemica":false,"objeto":"","complementar":false,"ementa":"Indico, nas formalidades regimentais, \u00e0 Chefe do Poder Executivo Maristela Os\u00f3rio de Marques Cardona, que determine \u00e0 Secretaria competente, visando \u00e0 realiza\u00e7\u00e3o de manuten\u00e7\u00e3o preventiva e peri\u00f3dica, em car\u00e1ter mensal, dos aparelhos de ar-condicionado instalados em todas as Unidades de Sa\u00fade da Fam\u00edlia (USF), na Unidade de Pronto Atendimento (UPA) e na Unidade de Refer\u00eancia e Apoio (URA), bem como a aquisi\u00e7\u00e3o de novos equipamentos, de modo a suprir adequadamente a demanda dessas unidades.","indexacao":"","observacao":"","resultado":"","texto_original":"http://sapl.ilhacomprida.sp.leg.br/media/sapl/public/materialegislativa/2026/8939/indicacao_-_manutencao_usf_ura_e_upa.pdf","data_ultima_atualizacao":"2026-04-14T15:46:02.373125-03:00","ip":"187.51.173.138","ultima_edicao":"2026-04-14T15:45:35.839875-03:00","tipo":1,"regime_tramitacao":1,"tipo_origem_externa":null,"local_origem_externa":null,"user":58,"anexadas":[],"autores":[92]}