{"id":8922,"__str__":"Requerimento n\u00ba 62 de 2026","link_detail_backend":"/materia/8922","metadata":{},"numero":62,"ano":2026,"numero_protocolo":335,"data_apresentacao":"2026-04-07","tipo_apresentacao":"E","data_publicacao":null,"numero_origem_externa":"","ano_origem_externa":null,"data_origem_externa":null,"apelido":"","dias_prazo":null,"data_fim_prazo":"2026-05-11","em_tramitacao":false,"polemica":false,"objeto":"","complementar":false,"ementa":"Requeiro, nas formalidades regimentais, ouvindo o douto e soberano Plen\u00e1rio, para que a Sra. Prefeita Municipal Maristela Os\u00f3rio de Marques Cardona, encaminhe a esta casa todas as informa\u00e7\u00f5es relativas ao Termo de Refer\u00eancia, com o objeto de Contrata\u00e7\u00e3o e Aquisi\u00e7\u00e3o de Ar Condicionado.","indexacao":"","observacao":"","resultado":"","texto_original":"http://sapl.ilhacomprida.sp.leg.br/media/sapl/public/materialegislativa/2026/8922/req_62_mozart-_contratacao_e_aquisicao_de_ar_condicionado.pdf","data_ultima_atualizacao":"2026-04-07T10:50:00.462018-03:00","ip":"187.51.173.138","ultima_edicao":"2026-04-07T10:50:00.324211-03:00","tipo":13,"regime_tramitacao":1,"tipo_origem_externa":null,"local_origem_externa":null,"user":58,"anexadas":[],"autores":[21]}