{"id":8787,"__str__":"Mo\u00e7\u00e3o n\u00ba 1 de 2026","link_detail_backend":"/materia/8787","metadata":{},"numero":1,"ano":2026,"numero_protocolo":107,"data_apresentacao":"2026-02-19","tipo_apresentacao":"E","data_publicacao":null,"numero_origem_externa":"","ano_origem_externa":null,"data_origem_externa":null,"apelido":"","dias_prazo":null,"data_fim_prazo":null,"em_tramitacao":false,"polemica":false,"objeto":"","complementar":false,"ementa":"Nos termos regimentais, apresentamos \u00e0 Mesa, ouvido o douto e soberano Plen\u00e1rio, respeitadas as formalidades regimentais, MO\u00c7\u00c3O DE PESAR, aos familiares do\t saudoso e querido Alceu Foga\u00e7a, que no dia 13 de fevereiro de 2026, pela vontade de \u201cDEUS,\u201d Deixou esta vida a caminho da vida eterna junto ao Pai Celestial.\r\nE que d\u00ea conhecimento deste ao seu filho Benedito de Oliveira (ben\u00ea), e as suas filhas Cleusa de Oliveira, Rosemeire de Oliveira, Juliana Antonelli Foga\u00e7a de Oliveira e demais familiares, acrescendo que o povo de Ilha Comprida, atrav\u00e9s e seus representantes legalmente constitu\u00eddos, externa a estes familiares as mais sinceras condol\u00eancias pela a irrepar\u00e1vel perda.\r\nPelo exposto, ficam dispensadas quaisquer outras justificativa da presente Mo\u00e7\u00e3o.","indexacao":"","observacao":"","resultado":"","texto_original":"http://sapl.ilhacomprida.sp.leg.br/media/sapl/public/materialegislativa/2026/8787/mocao_01_26_-_todos_-_pesar_alceu_fogaca.pdf","data_ultima_atualizacao":"2026-03-03T08:40:54.251316-03:00","ip":"187.51.173.138","ultima_edicao":"2026-02-19T10:29:47.379116-03:00","tipo":3,"regime_tramitacao":1,"tipo_origem_externa":null,"local_origem_externa":null,"user":62,"anexadas":[],"autores":[21]}