{"id":8784,"__str__":"Requerimento n\u00ba 27 de 2026","link_detail_backend":"/materia/8784","metadata":{},"numero":27,"ano":2026,"numero_protocolo":105,"data_apresentacao":"2026-02-18","tipo_apresentacao":"E","data_publicacao":null,"numero_origem_externa":"","ano_origem_externa":null,"data_origem_externa":null,"apelido":"","dias_prazo":null,"data_fim_prazo":"2026-03-23","em_tramitacao":false,"polemica":false,"objeto":"","complementar":false,"ementa":"Requeiro, nas formalidades regimentais, ouvindo o douto e soberano Plen\u00e1rio, para que, se aprovado for, oficie-se \u00e0 Excelent\u00edssima Senhora Prefeita Municipal de Ilha Comprida, Maristela Os\u00f3rio de Marques Cardona, a fim de que, por interm\u00e9dio dos \u00f3rg\u00e3os competentes do Poder Executivo Municipal, sejam prestadas informa\u00e7\u00f5es detalhadas que fundamentaram a proposta de suplementa\u00e7\u00e3o do setor de Cultura durante o Carnaval, mediante utiliza\u00e7\u00e3o de recursos da Secretaria Municipal de Sa\u00fade, e que sejam fornecidos os documentos e esclarecimentos.","indexacao":"","observacao":"","resultado":"","texto_original":"http://sapl.ilhacomprida.sp.leg.br/media/sapl/public/materialegislativa/2026/8784/req_027_milton_-_suplementacao_ilha_verao.pdf","data_ultima_atualizacao":"2026-02-19T11:19:39.930704-03:00","ip":"187.51.173.138","ultima_edicao":"2026-02-19T11:19:39.771677-03:00","tipo":13,"regime_tramitacao":1,"tipo_origem_externa":null,"local_origem_externa":null,"user":58,"anexadas":[8884],"autores":[77]}