{"id":8774,"__str__":"Requerimento n\u00ba 22 de 2026","link_detail_backend":"/materia/8774","metadata":{},"numero":22,"ano":2026,"numero_protocolo":95,"data_apresentacao":"2026-02-18","tipo_apresentacao":"E","data_publicacao":null,"numero_origem_externa":"","ano_origem_externa":null,"data_origem_externa":null,"apelido":"","dias_prazo":null,"data_fim_prazo":"2026-03-23","em_tramitacao":true,"polemica":false,"objeto":"","complementar":false,"ementa":"Requeiro, nas formalidades regimentais, ouvindo o douto e soberano Plen\u00e1rio para que, se aprovado for, oficie-se \u00e0 Excelent\u00edssima Senhora Prefeita Municipal de Ilha Comprida, Maristela Os\u00f3rio de Marques Cardona, que encaminhe, a esta Casa de Leis, informa\u00e7\u00f5es referentes \u00e0 arrecada\u00e7\u00e3o de alimentos realizada durante o evento Ilha Ver\u00e3o 2026.","indexacao":"","observacao":"","resultado":"","texto_original":"http://sapl.ilhacomprida.sp.leg.br/media/sapl/public/materialegislativa/2026/8774/requerimento_-_ilha_verao_2026.pdf","data_ultima_atualizacao":"2026-02-19T11:34:58.528406-03:00","ip":"187.51.173.138","ultima_edicao":"2026-02-19T11:34:58.376546-03:00","tipo":13,"regime_tramitacao":1,"tipo_origem_externa":null,"local_origem_externa":null,"user":58,"anexadas":[8887],"autores":[92]}