{"id":8437,"__str__":"Indica\u00e7\u00e3o n\u00ba 191 de 2025","link_detail_backend":"/materia/8437","metadata":{},"numero":191,"ano":2025,"numero_protocolo":1179,"data_apresentacao":"2025-09-16","tipo_apresentacao":"E","data_publicacao":null,"numero_origem_externa":"","ano_origem_externa":null,"data_origem_externa":null,"apelido":"","dias_prazo":null,"data_fim_prazo":"2025-12-31","em_tramitacao":false,"polemica":false,"objeto":"","complementar":false,"ementa":"Indico, \u00e0 Chefe do Poder Executivo, para que seja feito o servi\u00e7o de substitui\u00e7\u00e3o de lumin\u00e1rias na Rua Espada, no Balne\u00e1rio Praia do Marlyn.","indexacao":"","observacao":"","resultado":"","texto_original":"http://sapl.ilhacomprida.sp.leg.br/media/sapl/public/materialegislativa/2025/8437/ind_191_25_marcia_-_substituicao_de_luminarias_na_rua_espada_baln._praia_do_marlyn.pdf","data_ultima_atualizacao":"2025-10-02T15:09:57.595639-03:00","ip":"187.51.173.138","ultima_edicao":"2025-09-16T10:44:34.021404-03:00","tipo":1,"regime_tramitacao":1,"tipo_origem_externa":null,"local_origem_externa":null,"user":58,"anexadas":[],"autores":[92]}