{"id":8431,"__str__":"Projeto de Lei Ordin\u00e1ria n\u00ba 151 de 2025","link_detail_backend":"/materia/8431","metadata":{},"numero":151,"ano":2025,"numero_protocolo":1171,"data_apresentacao":"2025-09-15","tipo_apresentacao":"E","data_publicacao":null,"numero_origem_externa":"","ano_origem_externa":null,"data_origem_externa":null,"apelido":"","dias_prazo":null,"data_fim_prazo":"2025-10-28","em_tramitacao":false,"polemica":false,"objeto":"","complementar":false,"ementa":"DISP\u00d5E SOBRE A ALTERA\u00c7\u00c3O DA REDA\u00c7\u00c3O DO ART. 2\u00ba PAR\u00c1GRAFO \u00daNICO, ART. 3\u00ba, ART. 6\u00ba \u201cCAPUT\u201d, ART. 7\u00ba, ART. 8\u00ba E ART. 9\u00ba INC. I, II, III E IV DA LEI N\u00ba 2017/23 DE ILHA COMPRIDA \u201cPROGRAMA JOVEM VEREADOR\u201d E D\u00c1 OUTRAS PROVID\u00caNCIAS.","indexacao":"","observacao":"","resultado":"","texto_original":"http://sapl.ilhacomprida.sp.leg.br/media/sapl/public/materialegislativa/2025/8431/proj_151_25_-_altera_programa_jovem_vereador.pdf","data_ultima_atualizacao":"2025-10-02T11:52:26.083510-03:00","ip":"187.51.173.138","ultima_edicao":"2025-09-16T11:03:35.529786-03:00","tipo":9,"regime_tramitacao":1,"tipo_origem_externa":null,"local_origem_externa":null,"user":58,"anexadas":[8480],"autores":[73]}