{"id":8348,"__str__":"Indica\u00e7\u00e3o n\u00ba 176 de 2025","link_detail_backend":"/materia/8348","metadata":{},"numero":176,"ano":2025,"numero_protocolo":1015,"data_apresentacao":"2025-08-18","tipo_apresentacao":"E","data_publicacao":null,"numero_origem_externa":"","ano_origem_externa":null,"data_origem_externa":null,"apelido":"","dias_prazo":null,"data_fim_prazo":"2025-12-31","em_tramitacao":false,"polemica":false,"objeto":"","complementar":false,"ementa":"Indico, nas formalidades regimentais, \u00e0 Chefe do Poder Executivo Maristela Os\u00f3rio de Marques Cardona, para que fa\u00e7a gest\u00f5es junto aos Departamentos Competentes, para que seja feito o servi\u00e7o de troca de lumin\u00e1ria na Rua Merc\u00fario, altura do n\u00ba 510, no Balne\u00e1rio Mar e Sol.","indexacao":"","observacao":"","resultado":"","texto_original":"http://sapl.ilhacomprida.sp.leg.br/media/sapl/public/materialegislativa/2025/8348/ind_176_25_marcia_-__troca_de_luminaria_rua_mercurio_banl._mar_e_sol.pdf","data_ultima_atualizacao":"2025-09-01T16:54:20.949036-03:00","ip":"187.51.173.138","ultima_edicao":"2025-08-18T17:12:25.662022-03:00","tipo":1,"regime_tramitacao":1,"tipo_origem_externa":null,"local_origem_externa":null,"user":58,"anexadas":[],"autores":[92]}