{"id":8157,"__str__":"Indica\u00e7\u00e3o n\u00ba 128 de 2025","link_detail_backend":"/materia/8157","metadata":{},"numero":128,"ano":2025,"numero_protocolo":757,"data_apresentacao":"2025-06-09","tipo_apresentacao":"E","data_publicacao":null,"numero_origem_externa":"","ano_origem_externa":null,"data_origem_externa":null,"apelido":"","dias_prazo":null,"data_fim_prazo":"2025-12-31","em_tramitacao":false,"polemica":false,"objeto":"","complementar":false,"ementa":"Indico, nas formalidades regimentais, \u00e0 Chefe do Poder Executivo Maristela Os\u00f3rio de Marques Cardona, para que fa\u00e7a gest\u00f5es junto aos departamentos competentes, com urg\u00eancia, para que seja feito o servi\u00e7o patrolagem nas vias do Bal. Mar e Sol.","indexacao":"","observacao":"","resultado":"","texto_original":"http://sapl.ilhacomprida.sp.leg.br/media/sapl/public/materialegislativa/2025/8157/ind_128_marcia-_patrolagem_nas_vias_do_baln._mar_e_sol.pdf","data_ultima_atualizacao":"2025-07-01T10:55:07.061862-03:00","ip":"187.51.173.138","ultima_edicao":"2025-06-09T15:52:45.156275-03:00","tipo":1,"regime_tramitacao":1,"tipo_origem_externa":null,"local_origem_externa":null,"user":58,"anexadas":[],"autores":[92]}