{"id":8013,"__str__":"Indica\u00e7\u00e3o n\u00ba 90 de 2025","link_detail_backend":"/materia/8013","metadata":{},"numero":90,"ano":2025,"numero_protocolo":465,"data_apresentacao":"2025-04-22","tipo_apresentacao":"E","data_publicacao":null,"numero_origem_externa":"","ano_origem_externa":null,"data_origem_externa":null,"apelido":"","dias_prazo":null,"data_fim_prazo":"2025-12-31","em_tramitacao":false,"polemica":false,"objeto":"","complementar":false,"ementa":"Indico, nas formalidades regimentais, a Chefe do Poder Executivo Maristela Os\u00f3rio de Marques Cardona, para que fa\u00e7a gest\u00f5es junto aos Departamentos Competentes, para que seja feito o servi\u00e7o de patrolagem por toda a extens\u00e3o da Alameda das Margaridas, no balne\u00e1rio Yemar.","indexacao":"","observacao":"","resultado":"","texto_original":"http://sapl.ilhacomprida.sp.leg.br/media/sapl/public/materialegislativa/2025/8013/ind_090_25_marcia__-_patrolagem_alameda_das_margaridas_baln._yemar.pdf","data_ultima_atualizacao":"2025-05-08T15:23:11.988578-03:00","ip":"191.37.149.112","ultima_edicao":"2025-04-22T10:25:16.719787-03:00","tipo":1,"regime_tramitacao":1,"tipo_origem_externa":null,"local_origem_externa":null,"user":58,"anexadas":[],"autores":[92]}