{"id":8002,"__str__":"Requerimento n\u00ba 31 de 2025","link_detail_backend":"/materia/8002","metadata":{"signs":{"texto_original":{"admin":[],"autores":[["Jose Roberto Venancio de Souza",["2025-04-14T15:07:12-03:00","ICP-Brasil - AC SyngularID Multipla"]]]}}},"numero":31,"ano":2025,"numero_protocolo":441,"data_apresentacao":"2025-04-14","tipo_apresentacao":"E","data_publicacao":null,"numero_origem_externa":"","ano_origem_externa":null,"data_origem_externa":null,"apelido":"","dias_prazo":null,"data_fim_prazo":"2025-05-16","em_tramitacao":false,"polemica":false,"objeto":"","complementar":false,"ementa":"Requeiro, nas formalidades regimentais, ouvindo o douto e soberano Plen\u00e1rio para que, se aprovado for, oficie-se \u00e0 Exma. Sra. Prefeita Municipal, Dra. Maristela Os\u00f3rio de Marques Cardona informa\u00e7\u00f5es sobre alunos da Rede Municipal de Ensino com TEA.","indexacao":"","observacao":"","resultado":"","texto_original":"http://sapl.ilhacomprida.sp.leg.br/media/sapl/public/materialegislativa/2025/8002/req_031_frajola_-_alunos_tea.pdf","data_ultima_atualizacao":"2025-05-20T11:44:54.725852-03:00","ip":"191.37.149.112","ultima_edicao":"2025-04-14T18:10:28.188258-03:00","tipo":13,"regime_tramitacao":1,"tipo_origem_externa":null,"local_origem_externa":null,"user":58,"anexadas":[8084],"autores":[22]}