{"id":7997,"__str__":"Indica\u00e7\u00e3o n\u00ba 87 de 2025","link_detail_backend":"/materia/7997","metadata":{},"numero":87,"ano":2025,"numero_protocolo":436,"data_apresentacao":"2025-04-14","tipo_apresentacao":"E","data_publicacao":null,"numero_origem_externa":"","ano_origem_externa":null,"data_origem_externa":null,"apelido":"","dias_prazo":null,"data_fim_prazo":"2025-12-31","em_tramitacao":false,"polemica":false,"objeto":"","complementar":false,"ementa":"Indico, nas formalidades regimentais, \u00e0 Chefe do Poder Executivo Maristela Os\u00f3rio de Marques Cardona, para que fa\u00e7a gest\u00f5es junto aos Departamentos Competentes, com urg\u00eancia, para que seja feito o servi\u00e7o de troca de l\u00e2mpada na Rua Merc\u00fario, altura do n\u00ba 45, no balne\u00e1rio Mar e Sol.","indexacao":"","observacao":"","resultado":"","texto_original":"http://sapl.ilhacomprida.sp.leg.br/media/sapl/public/materialegislativa/2025/7997/ind_087_25_marcia__-_troca_de_lampada_rua_mercurio_baln._mare_sol..pdf","data_ultima_atualizacao":"2025-04-24T16:42:01.106003-03:00","ip":"191.37.149.112","ultima_edicao":"2025-04-14T18:03:46.971960-03:00","tipo":1,"regime_tramitacao":1,"tipo_origem_externa":null,"local_origem_externa":null,"user":58,"anexadas":[],"autores":[92]}