{"id":7887,"__str__":"Projeto de Resolu\u00e7\u00e3o n\u00ba 4 de 2025","link_detail_backend":"/materia/7887","metadata":{},"numero":4,"ano":2025,"numero_protocolo":221,"data_apresentacao":"2025-02-25","tipo_apresentacao":"E","data_publicacao":null,"numero_origem_externa":"","ano_origem_externa":null,"data_origem_externa":null,"apelido":"","dias_prazo":null,"data_fim_prazo":null,"em_tramitacao":false,"polemica":false,"objeto":"","complementar":false,"ementa":"CRIA COMISS\u00c3O ESPECIAL DE REPRESENTA\u00c7\u00c3O PARA A XXVI MARCHA A BRAS\u00cdLIA EM DEFESA DOS MUNIC\u00cdPIOS.","indexacao":"","observacao":"","resultado":"","texto_original":"http://sapl.ilhacomprida.sp.leg.br/media/sapl/public/materialegislativa/2025/7887/proj_res_04_23_-_xxvi_marcha_dos_legislativos.pdf","data_ultima_atualizacao":"2025-03-13T16:07:00.073043-03:00","ip":"191.37.149.112","ultima_edicao":"2025-02-26T11:02:50.629600-03:00","tipo":10,"regime_tramitacao":1,"tipo_origem_externa":null,"local_origem_externa":null,"user":62,"anexadas":[7931],"autores":[13]}