{"id":7799,"__str__":"Indica\u00e7\u00e3o n\u00ba 12 de 2025","link_detail_backend":"/materia/7799","metadata":{},"numero":12,"ano":2025,"numero_protocolo":63,"data_apresentacao":"2025-02-05","tipo_apresentacao":"E","data_publicacao":null,"numero_origem_externa":"","ano_origem_externa":null,"data_origem_externa":null,"apelido":"","dias_prazo":null,"data_fim_prazo":null,"em_tramitacao":false,"polemica":false,"objeto":"","complementar":false,"ementa":"INDICO, nas formalidades regimentais, a Chefe do Poder Executivo, Maristela Os\u00f3rio de Marques Cardona, para que organize com a m\u00e1xima urg\u00eancia uma for\u00e7a tarefa na Pra\u00e7a de Lazer do Balne\u00e1rio Ara\u00e7\u00e1 para fazer os servi\u00e7os de ro\u00e7agem, limpeza e manuten\u00e7\u00e3o ilumina\u00e7\u00e3o p\u00fablica.","indexacao":"","observacao":"","resultado":"","texto_original":"http://sapl.ilhacomprida.sp.leg.br/media/sapl/public/materialegislativa/2025/7799/ind_012__25_edina_-_manutecao_na_praca_de_lazer_do_baln._araca.pdf","data_ultima_atualizacao":"2025-02-06T10:15:30.244476-03:00","ip":"191.37.149.112","ultima_edicao":"2025-02-05T15:21:53.727576-03:00","tipo":1,"regime_tramitacao":1,"tipo_origem_externa":null,"local_origem_externa":null,"user":62,"anexadas":[],"autores":[91]}