{"id":7591,"__str__":"Projeto de Lei Ordin\u00e1ria n\u00ba 122 de 2024","link_detail_backend":"/materia/7591","metadata":{"signs":{"texto_original":{"admin":[],"autores":[["Rogerio Lopes Revitti",["2024-10-21T11:59:35-03:00","ICP-Brasil - Certificado PF A3"]]]}}},"numero":122,"ano":2024,"numero_protocolo":1800,"data_apresentacao":"2024-10-21","tipo_apresentacao":"E","data_publicacao":null,"numero_origem_externa":"","ano_origem_externa":null,"data_origem_externa":null,"apelido":"","dias_prazo":null,"data_fim_prazo":"2024-12-03","em_tramitacao":false,"polemica":false,"objeto":"","complementar":false,"ementa":"DISP\u00d5E SOBRE A OBRIGATORIEDADE DE AFIXAR PLACAS OU CARTAZES COM INFORMA\u00c7\u00d5ES SOBRE OS HOR\u00c1RIOS DE \u00d4NIBUS NOS TERMINAIS COLETIVOS E PONTOS DE ORIGEM E DESTINO DE CADA LINHA, EM LOCAL DE F\u00c1CIL ACESSO E BOA VISUALIZA\u00c7\u00c3O, E D\u00c1 OUTRAS PROVID\u00caNCIAS.","indexacao":"","observacao":"","resultado":"","texto_original":"http://sapl.ilhacomprida.sp.leg.br/media/sapl/public/materialegislativa/2024/7591/proj_122_24_-_obrigatoriedade_de_afixacao_de_horarios_do_transporte_coleivo_nos_pontos_de_onibus.pdf","data_ultima_atualizacao":"2024-12-06T13:57:27.235257-03:00","ip":"191.37.149.112","ultima_edicao":"2024-10-22T09:05:59.503287-03:00","tipo":9,"regime_tramitacao":1,"tipo_origem_externa":null,"local_origem_externa":null,"user":58,"anexadas":[7696],"autores":[75]}