{"id":7398,"__str__":"Requerimento n\u00ba 125 de 2024","link_detail_backend":"/materia/7398","metadata":{},"numero":125,"ano":2024,"numero_protocolo":1532,"data_apresentacao":"2024-08-26","tipo_apresentacao":"E","data_publicacao":null,"numero_origem_externa":"","ano_origem_externa":null,"data_origem_externa":null,"apelido":"","dias_prazo":null,"data_fim_prazo":"2024-09-27","em_tramitacao":false,"polemica":false,"objeto":"","complementar":false,"ementa":"Requeiro, nas formalidades regimentais, para que seja oficiada \u00e0 Exma. Sra. Prefeita Municipal, Maristela Os\u00f3rio de Marques Cardona, para que no \u00e2mbito de sua compet\u00eancia executiva e de suas atribui\u00e7\u00f5es legais, informe a esta Casa de Leis, sobre a utiliza\u00e7\u00e3o de \u00e1reas p\u00fablicas para com\u00e9rcios.","indexacao":"","observacao":"","resultado":"","texto_original":"http://sapl.ilhacomprida.sp.leg.br/media/sapl/public/materialegislativa/2024/7398/req_125_tonon_-_informacoes_sobre_areas_publicas_para_comercio.pdf","data_ultima_atualizacao":"2025-02-18T10:28:10.809175-03:00","ip":"191.37.149.112","ultima_edicao":"2024-08-26T16:06:04.109482-03:00","tipo":13,"regime_tramitacao":1,"tipo_origem_externa":null,"local_origem_externa":null,"user":58,"anexadas":[7538],"autores":[19]}