{"id":7390,"__str__":"Requerimento n\u00ba 116 de 2024","link_detail_backend":"/materia/7390","metadata":{"signs":{"texto_original":{"admin":[],"autores":[["Ivan Heleno da Silva",["2024-08-26T09:26:37-03:00","ICP-Brasil - Certificado PF A3"]]]}}},"numero":116,"ano":2024,"numero_protocolo":1523,"data_apresentacao":"2024-08-26","tipo_apresentacao":"E","data_publicacao":null,"numero_origem_externa":"","ano_origem_externa":null,"data_origem_externa":null,"apelido":"","dias_prazo":null,"data_fim_prazo":"2024-09-27","em_tramitacao":false,"polemica":false,"objeto":"","complementar":false,"ementa":"Requeiro, nas formalidades regimentais, que seja oficiada \u00e0 Prefeita Sra. Maristela Os\u00f3rio de Marques Cardona, que esclare\u00e7a a essa Casa de Leis o motivo pelo qual o paciente Sr. M\u00e1rcio foi deixado pela van da sa\u00fade em Registro ap\u00f3s procedimento cir\u00fargico, conforme o mesmo relata em ouvidoria de protocolo 2073314.","indexacao":"","observacao":"","resultado":"","texto_original":"http://sapl.ilhacomprida.sp.leg.br/media/sapl/public/materialegislativa/2024/7390/req_116_ivan_-_paciente_deixado.pdf","data_ultima_atualizacao":"2025-02-18T09:46:46.622903-03:00","ip":"191.37.149.112","ultima_edicao":"2024-08-26T15:43:35.378737-03:00","tipo":13,"regime_tramitacao":1,"tipo_origem_externa":null,"local_origem_externa":null,"user":58,"anexadas":[7456],"autores":[79]}