{"id":7061,"__str__":"Requerimento n\u00ba 79 de 2024","link_detail_backend":"/materia/7061","metadata":{},"numero":79,"ano":2024,"numero_protocolo":871,"data_apresentacao":"2024-05-13","tipo_apresentacao":"E","data_publicacao":null,"numero_origem_externa":"","ano_origem_externa":null,"data_origem_externa":null,"apelido":"","dias_prazo":null,"data_fim_prazo":"2024-06-14","em_tramitacao":false,"polemica":false,"objeto":"","complementar":false,"ementa":"Requeiro, a Vossa Excel\u00eancia, que seja submetido o presente requerimento para aprecia\u00e7\u00e3o do Plen\u00e1rio, e, se aprovado, seja oficiado ao Senhor Prefeito Municipal de Ilha Comprida, para que encaminhe informa\u00e7\u00f5es sobre a Van da Sa\u00fade.","indexacao":"","observacao":"","resultado":"","texto_original":"http://sapl.ilhacomprida.sp.leg.br/media/sapl/public/materialegislativa/2024/7061/req_079_andressa_-_veiculos_de_transporte_de_pacientes.pdf","data_ultima_atualizacao":"2025-02-14T14:34:20.937290-03:00","ip":"191.37.149.112","ultima_edicao":"2024-05-13T16:41:04.591856-03:00","tipo":13,"regime_tramitacao":1,"tipo_origem_externa":null,"local_origem_externa":null,"user":58,"anexadas":[7447],"autores":[17]}