{"id":6596,"__str__":"Requerimento n\u00ba 10 de 2024","link_detail_backend":"/materia/6596","metadata":{"signs":{"texto_original":{"admin":[],"autores":[["Emerson Gryllo Rodrigues",["2024-02-19T13:02:07-03:00","ICP-Brasil - Certificado PF A3"]]]}}},"numero":10,"ano":2024,"numero_protocolo":158,"data_apresentacao":"2024-02-19","tipo_apresentacao":"E","data_publicacao":null,"numero_origem_externa":"","ano_origem_externa":null,"data_origem_externa":null,"apelido":"","dias_prazo":null,"data_fim_prazo":"2024-03-22","em_tramitacao":false,"polemica":false,"objeto":"","complementar":false,"ementa":"Requeiro, nas formalidades regimentais, ao Chefe do Poder Executivo Dr. Geraldino Barbosa de Oliveira Jr. que inclua no cronograma de manuten\u00e7\u00e3o e servi\u00e7os com a m\u00e1xima urg\u00eancia os reparos necess\u00e1rios no ESF Viar\u00e9ggio, sendo esses: a constru\u00e7\u00e3o do muro, a limpeza ou troca da caixa d\u2019\u00e1gua, instala\u00e7\u00e3o de cortina tipo blackout ou pel\u00edcula de insulfilm na porta de vidro instalada na parte da frente do pr\u00e9dio, onde os raios de sol entram diretamente no ambiente, trazendo grande desconforto aos funcion\u00e1rios e pacientes que aguardam por atendimento na recep\u00e7\u00e3o.","indexacao":"","observacao":"","resultado":"","texto_original":"http://sapl.ilhacomprida.sp.leg.br/media/sapl/public/materialegislativa/2024/6596/ass_manutencao_geral_esf_viareggio.pdf","data_ultima_atualizacao":"2025-02-13T14:30:45.539063-03:00","ip":"191.37.149.112","ultima_edicao":"2024-02-19T17:35:09.635930-03:00","tipo":13,"regime_tramitacao":1,"tipo_origem_externa":null,"local_origem_externa":null,"user":58,"anexadas":[6804],"autores":[73]}