{"id":6546,"__str__":"Mo\u00e7\u00e3o n\u00ba 1 de 2024","link_detail_backend":"/materia/6546","metadata":{},"numero":1,"ano":2024,"numero_protocolo":83,"data_apresentacao":"2024-02-05","tipo_apresentacao":"E","data_publicacao":null,"numero_origem_externa":"","ano_origem_externa":null,"data_origem_externa":null,"apelido":"","dias_prazo":null,"data_fim_prazo":null,"em_tramitacao":false,"polemica":false,"objeto":"","complementar":false,"ementa":"Nos termos regimentais, apresentamos \u00e0 Mesa, ouvido o douto e soberano Plen\u00e1rio, respeitadas as formalidades regimentais, Mo\u00e7\u00e3o de Pesar, aos familiares do saudoso e querido Severo Bispo de Santana, que no dia 11 de janeiro de 2024, certamente pela vontade de \u201cDEUS,\u201d Deixou esta vida a caminho da vida eterna junto ao Pai Celestial.","indexacao":"","observacao":"","resultado":"","texto_original":"http://sapl.ilhacomprida.sp.leg.br/media/sapl/public/materialegislativa/2024/6546/mocao_001_24_-_todos_-_pesar_severo_bispo_de_santana.pdf","data_ultima_atualizacao":"2025-05-09T11:01:18.802168-03:00","ip":"191.37.149.112","ultima_edicao":"2024-02-05T18:13:57.353590-03:00","tipo":3,"regime_tramitacao":1,"tipo_origem_externa":null,"local_origem_externa":null,"user":58,"anexadas":[],"autores":[17,15,74,73,18,19,79,77,75]}