{"id":6540,"__str__":"Requerimento n\u00ba 1 de 2024","link_detail_backend":"/materia/6540","metadata":{"signs":{"texto_original":{"admin":[],"autores":[["Oeder Kuznier de Ramos",["2024-02-02T10:32:23-03:00","ICP-Brasil - Certificado PF A3"]]]}}},"numero":1,"ano":2024,"numero_protocolo":77,"data_apresentacao":"2024-02-05","tipo_apresentacao":"E","data_publicacao":null,"numero_origem_externa":"","ano_origem_externa":null,"data_origem_externa":null,"apelido":"","dias_prazo":null,"data_fim_prazo":"2024-03-08","em_tramitacao":false,"polemica":false,"objeto":"","complementar":false,"ementa":"Requeiro, nas formalidades regimentais, para que seja oficiado ao Exmo. Sr. Prefeito Municipal, Geraldino Barbosa de Oliveira Junior, para que informe a essa Casa de Leis, se h\u00e1 possibilidade da implanta\u00e7\u00e3o de uma rampa de acesso no pr\u00e9dio da Casa da Juventude, afim de promover acessibilidade as pessoas com defici\u00eancia ou com mobilidades reduzidas.","indexacao":"","observacao":"","resultado":"","texto_original":"http://sapl.ilhacomprida.sp.leg.br/media/sapl/public/materialegislativa/2024/6540/acessibilidade.pdf","data_ultima_atualizacao":"2024-12-19T14:06:38.354057-03:00","ip":"191.37.149.112","ultima_edicao":"2024-02-05T18:15:18.731287-03:00","tipo":13,"regime_tramitacao":1,"tipo_origem_externa":null,"local_origem_externa":null,"user":58,"anexadas":[6802],"autores":[74]}