{"id":6098,"__str__":"Projeto de Lei Ordin\u00e1ria n\u00ba 114 de 2023","link_detail_backend":"/materia/6098","metadata":{},"numero":114,"ano":2023,"numero_protocolo":1528,"data_apresentacao":"2023-09-19","tipo_apresentacao":"E","data_publicacao":null,"numero_origem_externa":"","ano_origem_externa":null,"data_origem_externa":null,"apelido":"","dias_prazo":null,"data_fim_prazo":"2023-10-03","em_tramitacao":false,"polemica":false,"objeto":"","complementar":false,"ementa":"AUTORIZA O PODER EXECUTIVO A CELEBRAR CONV\u00caNIO COM A ELEKTRO REDES S.A., PARA A ASSUN\u00c7\u00c3O DO PARQUE DE ILUMINA\u00c7\u00c3O P\u00daBLICA,E D\u00c1 OUTRAS PROVID\u00caNCIAS.","indexacao":"","observacao":"","resultado":"","texto_original":"http://sapl.ilhacomprida.sp.leg.br/media/sapl/public/materialegislativa/2023/6098/proj_114_23_-_convenio_com_a_elektro.pdf","data_ultima_atualizacao":"2023-10-24T10:51:15.113430-03:00","ip":"131.196.105.154","ultima_edicao":"2023-10-24T10:51:14.292555-03:00","tipo":9,"regime_tramitacao":2,"tipo_origem_externa":null,"local_origem_externa":null,"user":58,"anexadas":[6246],"autores":[12]}