{"id":5538,"__str__":"Projeto de Lei Ordin\u00e1ria n\u00ba 48 de 2023","link_detail_backend":"/materia/5538","metadata":{"signs":{"texto_original":{"admin":[],"autores":[["Oeder Kuznier de Ramos",["2023-04-03T16:19:40-03:00","ICP-Brasil - Certificado PF A3"]]]}}},"numero":48,"ano":2023,"numero_protocolo":511,"data_apresentacao":"2023-04-03","tipo_apresentacao":"E","data_publicacao":null,"numero_origem_externa":"","ano_origem_externa":null,"data_origem_externa":null,"apelido":"","dias_prazo":null,"data_fim_prazo":null,"em_tramitacao":false,"polemica":false,"objeto":"","complementar":false,"ementa":"DISP\u00d5E SOBRE A CRIA\u00c7\u00c3O DO PROGRAMA DE RESID\u00caNCIA JUR\u00cdDICA E RESID\u00caNCIA NA \u00c1REA DA SA\u00daDE NO MUNIC\u00cdPIO DE ILHA COMPRIDA E D\u00c1 OUTRAS PROVID\u00caNCIAS.","indexacao":"","observacao":"","resultado":"","texto_original":"http://sapl.ilhacomprida.sp.leg.br/media/sapl/public/materialegislativa/2023/5538/pl_acolhimento_bacharel_ass.pdf","data_ultima_atualizacao":"2023-12-21T17:53:36.008619-03:00","ip":"131.196.105.154","ultima_edicao":"2023-04-03T16:36:51.728057-03:00","tipo":9,"regime_tramitacao":1,"tipo_origem_externa":null,"local_origem_externa":null,"user":62,"anexadas":[5601],"autores":[74]}