{"id":5484,"__str__":"Requerimento n\u00ba 33 de 2023","link_detail_backend":"/materia/5484","metadata":{},"numero":33,"ano":2023,"numero_protocolo":372,"data_apresentacao":"2023-03-20","tipo_apresentacao":"E","data_publicacao":null,"numero_origem_externa":"","ano_origem_externa":null,"data_origem_externa":null,"apelido":"","dias_prazo":null,"data_fim_prazo":"2023-04-21","em_tramitacao":false,"polemica":false,"objeto":"","complementar":false,"ementa":"REQUEIRO, nas formalidades regimentais, Ao Exmo. Sr. Prefeito Municipal, Dr. GERALDINO BARBOSA DE OLIVEIRA JUNIOR, para que responda, a essa casa de leis, Sobre a disponibilidade de ambul\u00e2ncia 24 h na Regi\u00e3o  do Boqueir\u00e3o Sul.","indexacao":"","observacao":"","resultado":"","texto_original":"http://sapl.ilhacomprida.sp.leg.br/media/sapl/public/materialegislativa/2023/5484/req_033_fabiano_-_ambulancia_24_h_na_regiao_boqueirao_sul.pdf","data_ultima_atualizacao":"2024-09-26T14:11:42.631160-03:00","ip":"131.196.105.154","ultima_edicao":"2023-07-12T15:04:22.211755-03:00","tipo":13,"regime_tramitacao":1,"tipo_origem_externa":null,"local_origem_externa":null,"user":58,"anexadas":[6816],"autores":[18]}