{"id":5477,"__str__":"Requerimento n\u00ba 32 de 2023","link_detail_backend":"/materia/5477","metadata":{},"numero":32,"ano":2023,"numero_protocolo":329,"data_apresentacao":"2023-03-13","tipo_apresentacao":"E","data_publicacao":null,"numero_origem_externa":"","ano_origem_externa":null,"data_origem_externa":null,"apelido":"","dias_prazo":null,"data_fim_prazo":"2023-04-14","em_tramitacao":false,"polemica":false,"objeto":"","complementar":false,"ementa":"Requerem, nas formalidades regimentais, ouvido o douto e soberano Plen\u00e1rio, para que se aprovado for, seja elaborado o Projeto de Resolu\u00e7\u00e3o, no sentido de constituir Comiss\u00e3o de Representa\u00e7\u00e3o, nos termos dos artigos 74 e 75 do Regimento Interno, objetivando participar da XXII Marcha dos Legislativos Municipais.","indexacao":"","observacao":"","resultado":"","texto_original":"http://sapl.ilhacomprida.sp.leg.br/media/sapl/public/materialegislativa/2023/5477/req_032_variados_-_xxii_marcha_dos_legislativos.pdf","data_ultima_atualizacao":"2023-07-11T10:42:32.043218-03:00","ip":"131.196.105.154","ultima_edicao":"2023-03-14T11:28:00.449920-03:00","tipo":13,"regime_tramitacao":1,"tipo_origem_externa":null,"local_origem_externa":null,"user":58,"anexadas":[5488],"autores":[18]}