{"id":5449,"__str__":"Requerimento n\u00ba 28 de 2023","link_detail_backend":"/materia/5449","metadata":{"signs":{"texto_original":{"admin":[],"autores":[["Rogerio Lopes Revitti",["2023-03-06T16:17:38-03:00","ICP-Brasil"]]]}}},"numero":28,"ano":2023,"numero_protocolo":274,"data_apresentacao":"2023-03-06","tipo_apresentacao":"E","data_publicacao":null,"numero_origem_externa":"","ano_origem_externa":null,"data_origem_externa":null,"apelido":"","dias_prazo":null,"data_fim_prazo":"2023-04-07","em_tramitacao":false,"polemica":false,"objeto":"","complementar":false,"ementa":"REQUERIMENTO, de autoria do vereador Rogerio Lopes Revitti, para que se aprovado for, ouvindo o douto e soberano Plen\u00e1rio, seja oficiado o DD. Prefeito Municipal nas formalidades regimentais, DR. GERALDINO BARBOSA DE OLIVEIRA J\u00daNIOR, para que informe a esta Casa de Leis:\r\n01 \u2013 H\u00e1 possibilidade de se deslocar o engenheiro do Departamento de Engenharia, Obras e Servi\u00e7os - DEOS, para que seja feita um laudo da situa\u00e7\u00e3o estrutural da \u201cAcademia municipal de esportes\u201d, em especial no telhado, bem como de poss\u00edveis anomalias que possam contribuir com o risco na referida estrutura?\r\n02 \u2013 H\u00e1 possibilidade de que seja implementada acessibilidade para deficientes f\u00edsicos no pr\u00e9dio? Ou, alugar/edificar outro pr\u00e9dio que possibilite aos portadores de defici\u00eancia f\u00edsica praticarem esportes na Academia municipal de esportes?","indexacao":"","observacao":"","resultado":"","texto_original":"http://sapl.ilhacomprida.sp.leg.br/media/sapl/public/materialegislativa/2023/5449/requerimento_no_028.pdf","data_ultima_atualizacao":"2024-03-06T11:58:22.241712-03:00","ip":"131.196.105.154","ultima_edicao":"2023-07-06T16:38:04.937683-03:00","tipo":13,"regime_tramitacao":1,"tipo_origem_externa":null,"local_origem_externa":null,"user":58,"anexadas":[6162],"autores":[75]}