{"id":5428,"__str__":"Projeto de Lei Ordin\u00e1ria n\u00ba 26 de 2023","link_detail_backend":"/materia/5428","metadata":{},"numero":26,"ano":2023,"numero_protocolo":240,"data_apresentacao":"2023-02-28","tipo_apresentacao":"E","data_publicacao":null,"numero_origem_externa":"","ano_origem_externa":null,"data_origem_externa":null,"apelido":"","dias_prazo":null,"data_fim_prazo":"2023-03-14","em_tramitacao":false,"polemica":false,"objeto":"","complementar":false,"ementa":"DISP\u00d5E SOBRE A ALTERA\u00c7\u00c3O DA LEI MUNICIPAL N\u00ba 725, DE 13 DE FEVEREIRO DE 2009, E D\u00c1 OUTRAS PROVID\u00caNCIAS.","indexacao":"","observacao":"","resultado":"","texto_original":"http://sapl.ilhacomprida.sp.leg.br/media/sapl/public/materialegislativa/2023/5428/proj_026_23_-dispoe_sobre_a_alteracao_da_lei_municipal_no_725_de_13_de_fevereiro_de_2009_e_da_outras_providencias..pdf","data_ultima_atualizacao":"2023-05-22T16:44:38.288978-03:00","ip":"131.196.105.154","ultima_edicao":"2023-05-22T16:43:20.264964-03:00","tipo":9,"regime_tramitacao":2,"tipo_origem_externa":null,"local_origem_externa":null,"user":58,"anexadas":[],"autores":[12]}