{"id":4826,"__str__":"Requerimento n\u00ba 103 de 2022","link_detail_backend":"/materia/4826","metadata":{},"numero":103,"ano":2022,"numero_protocolo":1513,"data_apresentacao":"2022-06-27","tipo_apresentacao":"E","data_publicacao":null,"numero_origem_externa":"","ano_origem_externa":null,"data_origem_externa":null,"apelido":"","dias_prazo":null,"data_fim_prazo":"2022-07-28","em_tramitacao":true,"polemica":false,"objeto":"","complementar":false,"ementa":"Requeiro, nas formalidades regimentais, ouvindo o douto e soberano Plen\u00e1rio, nos termos do artigo 4\u00ba, da Resolu\u00e7\u00e3o n\u00ba 189/2017 para que, se aprovador for, sejam marcadas as datas para as localidades de \u201cC\u00e2mara Itinerante\u201d no Ara\u00e7\u00e1, no Marusca, no Viareggio e no Boqueir\u00e3o Sul.","indexacao":"","observacao":"","resultado":"","texto_original":"http://sapl.ilhacomprida.sp.leg.br/media/sapl/public/materialegislativa/2022/4826/req_103_rogerio_-_camara_itinerante.pdf","data_ultima_atualizacao":"2022-06-28T20:25:28.410916-03:00","ip":"131.196.105.154","ultima_edicao":"2022-06-27T20:29:41.316924-03:00","tipo":13,"regime_tramitacao":1,"tipo_origem_externa":null,"local_origem_externa":null,"user":58,"anexadas":[],"autores":[75]}