{"id":3453,"__str__":"Requerimento n\u00ba 64 de 2021","link_detail_backend":"/materia/3453","metadata":{},"numero":64,"ano":2021,"numero_protocolo":1050,"data_apresentacao":"2021-06-21","tipo_apresentacao":"E","data_publicacao":null,"numero_origem_externa":"","ano_origem_externa":null,"data_origem_externa":null,"apelido":"","dias_prazo":null,"data_fim_prazo":"2021-07-26","em_tramitacao":false,"polemica":false,"objeto":"","complementar":false,"ementa":"REQUEIRO, ao Exmo. Sr. Prefeito Municipal, Dr. GERALDINO BARBOSA DE OLIVEIRA JUNIOR, ouvido o douto e soberano plen\u00e1rio na forma regimental, para que se aprovado for, responda a essa casa:  \r\n\r\n\r\n1)- Qual a possibilidade de melhorar a estrutura da Divis\u00e3o de Fiscaliza\u00e7\u00e3o, no sentido de ve\u00edculos, equipamentos, comunica\u00e7\u00e3o, funcion\u00e1rios, e de equipamentos de tecnologia moderna para o trabalho? \r\n2)- Qual a possibilidade de o pr\u00f3prio Departamento gerar as multas impostas?\r\n3)- Tendo em vista que a Divis\u00e3o de Fiscaliza\u00e7\u00e3o \u00e9 o respons\u00e1vel, pelas autua\u00e7\u00f5es porque no pr\u00f3prio departamento n\u00e3o se tem o cadastro do propriet\u00e1rio dos im\u00f3veis? \r\n4)- Quantos ve\u00edculos hoje fazem parte da frota deste departamento, e quantos encontram-se em funcionamento e quais ve\u00edculos?\r\n5)- Se existe a possibilidade do excelent\u00edssimo senhor prefeito a criar o fundo municipal de Fiscaliza\u00e7\u00e3o?","indexacao":"","observacao":"","resultado":"","texto_original":"http://sapl.ilhacomprida.sp.leg.br/media/sapl/public/materialegislativa/2021/3453/req_064_milton_-_departamento_fiscalizacao.pdf","data_ultima_atualizacao":"2021-08-23T10:40:22.594933-03:00","ip":"191.37.146.220","ultima_edicao":"2021-06-21T17:11:26.487489-03:00","tipo":13,"regime_tramitacao":1,"tipo_origem_externa":null,"local_origem_externa":null,"user":46,"anexadas":[3658],"autores":[77]}