{"id":2957,"__str__":"Requerimento n\u00ba 8 de 2021","link_detail_backend":"/materia/2957","metadata":{},"numero":8,"ano":2021,"numero_protocolo":200,"data_apresentacao":"2021-02-09","tipo_apresentacao":"E","data_publicacao":null,"numero_origem_externa":"","ano_origem_externa":null,"data_origem_externa":null,"apelido":"","dias_prazo":null,"data_fim_prazo":"2021-05-14","em_tramitacao":false,"polemica":false,"objeto":"","complementar":false,"ementa":"Requeiro nos termos dos artigos 72 e 73 do Regimento Interno da Casa, a constitui\u00e7\u00e3o de uma Comiss\u00e3o Especial, composta por tr\u00eas Vereadores, com objetivo de acompanhar dentro do prazo de 90 dias, sujeito a prorroga\u00e7\u00e3o, todas as a\u00e7\u00f5es de combate \u00e0 pandemia de Covid19 (corona v\u00edrus), empreendidas no Munic\u00edpio de Ilha Comprida, inclusive com acompanhamento do plano de vacina\u00e7\u00e3o.","indexacao":"","observacao":"","resultado":"","texto_original":"http://sapl.ilhacomprida.sp.leg.br/media/sapl/public/materialegislativa/2021/2957/req_008_adolfo_-_comissao_covid.pdf","data_ultima_atualizacao":"2021-02-10T10:28:37.121310-03:00","ip":"131.196.105.249","ultima_edicao":"2021-02-09T08:44:08.611104-03:00","tipo":13,"regime_tramitacao":1,"tipo_origem_externa":null,"local_origem_externa":null,"user":46,"anexadas":[],"autores":[57]}