{"id":1690,"__str__":"Requerimento n\u00ba 78 de 2019","link_detail_backend":"/materia/1690","metadata":{},"numero":78,"ano":2019,"numero_protocolo":432628,"data_apresentacao":"2019-08-26","tipo_apresentacao":"E","data_publicacao":null,"numero_origem_externa":"","ano_origem_externa":null,"data_origem_externa":null,"apelido":"","dias_prazo":null,"data_fim_prazo":null,"em_tramitacao":false,"polemica":null,"objeto":"","complementar":null,"ementa":"Requeiro nos termos regimentais para que se oficie a empresa ELEKTRO, para que o respons\u00e1vel pela nossa regi\u00e3o esclare\u00e7a o motivo da demora no que tange os reparos na rede de ilumina\u00e7\u00e3o p\u00fablica.","indexacao":"","observacao":"","resultado":"","texto_original":"http://sapl.ilhacomprida.sp.leg.br/media/sapl/public/materialegislativa/2019/1690/req_078_19_fabiano_-_elektro.pdf","data_ultima_atualizacao":"2019-09-20T10:57:59.009456-03:00","ip":"131.196.107.17","ultima_edicao":null,"tipo":13,"regime_tramitacao":1,"tipo_origem_externa":null,"local_origem_externa":null,"user":46,"anexadas":[],"autores":[18]}