{"id":252,"__str__":"26\u00aa Reuni\u00e3o Conjunta das Comiss\u00f5es CJR e COF","link_detail_backend":"/comissao/reuniao/252","metadata":{},"numero":26,"nome":"26\u00aa Reuni\u00e3o Conjunta das Comiss\u00f5es CJR e COF","tema":"Aprecia\u00e7\u00e3o de Mat\u00e9rias Legislativas","data":"2025-09-01","hora_inicio":"17:30:00","hora_fim":"18:00:00","local_reuniao":"Sala das Comiss\u00f5es","observacao":"","url_audio":"","url_video":"","upload_pauta":null,"upload_ata":"http://sapl.ilhacomprida.sp.leg.br/media/sapl/public/reuniao/252/ata/ata_26a_reuniao_conjunta_das_comissoes_permanentes_-_01_-_09_-_2025.pdf","upload_anexo":"http://sapl.ilhacomprida.sp.leg.br/media/sapl/public/reuniao/252/anexo/lista_presenca_26a_reuniao_conjunta_das_comissoes_permanentes_-_01_-_09_-_2025.pdf","periodo":5,"comissao":1}